{"id":1850,"date":"2018-02-04T12:22:16","date_gmt":"2018-02-04T11:22:16","guid":{"rendered":"http:\/\/consejodehermandadesdemarchena.es\/CCHHM\/?p=1850"},"modified":"2018-02-04T12:22:16","modified_gmt":"2018-02-04T11:22:16","slug":"retiro-hermanos-mayores-consejos-hermandades-2018","status":"publish","type":"post","link":"http:\/\/consejodehermandadesdemarchena.es\/?p=1850","title":{"rendered":"Retiro para Hermanos Mayores y Consejos de Hermandades 2018"},"content":{"rendered":"<p>Durante la ma\u00f1ana del pasado s\u00e1bado 3 de febrero, los Hermanos Mayores y miembros de Juntas de Gobierno de las Hermandades de Marchena, as\u00ed como el Sr. Presidente y consejeros de la Junta Superior del Consejo, participaron en el Retiro para Hermanos Mayores y Consejos de Hermandades que cada a\u00f1o organiza la Delegaci\u00f3n de Hermandades y Cofrad\u00edas de la Archidi\u00f3cesis de Sevilla.<\/p>\n<p>Gran afluencia a este Retiro de Hermanos Mayores en la Casa de Ejercicios de Betania, presidido por el Arzobispo de Sevilla D. Juan Jos\u00e9 Asenjo Pelegrina, junto al Delegado de Hermandades y Cofrad\u00edas D. Marcelino Manzano Vilches.<\/p>\n<p>Tras la bienvenida y la oraci\u00f3n <em><strong>&lt;&lt;Adsumus&gt;&gt;<\/strong><\/em> de San Isidoro, D. Juan Jos\u00e9 realiz\u00f3 una serie de reflexiones para que lo tengamos presente en esta Cuaresma. Por ejemplo, el <strong>olvido de Dios<\/strong> que est\u00e1 sufriendo la sociedad en la actualidad. Por otro lado, la <strong>dimensi\u00f3n que tiene tener la Fe en nuestra vida<\/strong> y nos invita a que nos encontremos con la Fe en esta Cuaresma. Por \u00faltimo, puso de manifiesto la importancia que tiene la<strong> Formaci\u00f3n para conocer mejor al Se\u00f1or<\/strong> y nos pone como referencia el Compendio del Catecismo de la Iglesia Cat\u00f3lica. <a href=\"http:\/\/www.vatican.va\/archive\/compendium_ccc\/documents\/archive_2005_compendium-ccc_sp.html\" target=\"_blank\" rel=\"noopener\">Se puede consultar aqu\u00ed<\/a>.<\/p>\n<p><img loading=\"lazy\" decoding=\"async\" class=\"alignnone size-large wp-image-1860\" src=\"http:\/\/consejodehermandadesdemarchena.es\/CCHHM\/wp-content\/uploads\/2018\/02\/WhatsApp-Image-2018-02-03-at-14.17.59-1024x576.jpeg\" alt=\"\" width=\"990\" height=\"557\" srcset=\"http:\/\/consejodehermandadesdemarchena.es\/wp-content\/uploads\/2018\/02\/WhatsApp-Image-2018-02-03-at-14.17.59-1024x576.jpeg 1024w, http:\/\/consejodehermandadesdemarchena.es\/wp-content\/uploads\/2018\/02\/WhatsApp-Image-2018-02-03-at-14.17.59-300x169.jpeg 300w, http:\/\/consejodehermandadesdemarchena.es\/wp-content\/uploads\/2018\/02\/WhatsApp-Image-2018-02-03-at-14.17.59-768x432.jpeg 768w, http:\/\/consejodehermandadesdemarchena.es\/wp-content\/uploads\/2018\/02\/WhatsApp-Image-2018-02-03-at-14.17.59.jpeg 1328w\" sizes=\"auto, (max-width: 990px) 100vw, 990px\" \/><\/p>\n<p>Por su parte, D. Marcelino Manzano centr\u00f3 su disertaci\u00f3n en varios puntos directrices que tenemos que tener presente para esta Cuaresma y para el resto del a\u00f1o. Entre ellos, enumeramos: La invitaci\u00f3n que realiz\u00f3 a los presentes a <strong>Vivir con los sentimientos de Jes\u00fas<\/strong>; de tener presente la frase <strong>\u00c9l me am\u00f3 y se entreg\u00f3 por m\u00ed<\/strong>; de vivir el servicio a los hermanos despoj\u00e1ndonos de la divinidad como hizo Jes\u00fas; recordar a la Virgen como madre y protectora de los desvalidos; Reforzar el sentido de la Eucarist\u00eda en cultos de las Hermandades y promover el di\u00e1logo entre los hermanos.<\/p>\n<p><img loading=\"lazy\" decoding=\"async\" class=\"alignnone size-large wp-image-1852\" src=\"http:\/\/consejodehermandadesdemarchena.es\/CCHHM\/wp-content\/uploads\/2018\/02\/WhatsApp-Image-2018-02-03-at-14.14.15-2-1024x768.jpeg\" alt=\"\" width=\"990\" height=\"743\" srcset=\"http:\/\/consejodehermandadesdemarchena.es\/wp-content\/uploads\/2018\/02\/WhatsApp-Image-2018-02-03-at-14.14.15-2-1024x768.jpeg 1024w, http:\/\/consejodehermandadesdemarchena.es\/wp-content\/uploads\/2018\/02\/WhatsApp-Image-2018-02-03-at-14.14.15-2-300x225.jpeg 300w, http:\/\/consejodehermandadesdemarchena.es\/wp-content\/uploads\/2018\/02\/WhatsApp-Image-2018-02-03-at-14.14.15-2-768x576.jpeg 768w, http:\/\/consejodehermandadesdemarchena.es\/wp-content\/uploads\/2018\/02\/WhatsApp-Image-2018-02-03-at-14.14.15-2.jpeg 1600w\" sizes=\"auto, (max-width: 990px) 100vw, 990px\" \/><\/p>\n<p>Finalmente hubo Exposici\u00f3n al Sant\u00edsimo Sacramento del Altar con bendici\u00f3n y reserva en la Parroquia de los Sagrados Corazones.<\/p>\n","protected":false},"excerpt":{"rendered":"<p>Durante la ma\u00f1ana del pasado s\u00e1bado 3 de febrero, los Hermanos Mayores y miembros de Juntas de Gobierno de las Hermandades de Marchena, as\u00ed como el Sr. Presidente y consejeros de la Junta Superior del Consejo, participaron en el Retiro para Hermanos Mayores y Consejos de Hermandades que cada a\u00f1o organiza la Delegaci\u00f3n de Hermandades [&hellip;]<\/p>\n","protected":false},"author":3,"featured_media":1857,"comment_status":"closed","ping_status":"closed","sticky":false,"template":"","format":"standard","meta":{"footnotes":""},"categories":[1],"tags":[],"class_list":["post-1850","post","type-post","status-publish","format-standard","has-post-thumbnail","hentry","category-actos_y_cultos_celebrados"],"_links":{"self":[{"href":"http:\/\/consejodehermandadesdemarchena.es\/index.php?rest_route=\/wp\/v2\/posts\/1850","targetHints":{"allow":["GET"]}}],"collection":[{"href":"http:\/\/consejodehermandadesdemarchena.es\/index.php?rest_route=\/wp\/v2\/posts"}],"about":[{"href":"http:\/\/consejodehermandadesdemarchena.es\/index.php?rest_route=\/wp\/v2\/types\/post"}],"author":[{"embeddable":true,"href":"http:\/\/consejodehermandadesdemarchena.es\/index.php?rest_route=\/wp\/v2\/users\/3"}],"replies":[{"embeddable":true,"href":"http:\/\/consejodehermandadesdemarchena.es\/index.php?rest_route=%2Fwp%2Fv2%2Fcomments&post=1850"}],"version-history":[{"count":2,"href":"http:\/\/consejodehermandadesdemarchena.es\/index.php?rest_route=\/wp\/v2\/posts\/1850\/revisions"}],"predecessor-version":[{"id":1862,"href":"http:\/\/consejodehermandadesdemarchena.es\/index.php?rest_route=\/wp\/v2\/posts\/1850\/revisions\/1862"}],"wp:featuredmedia":[{"embeddable":true,"href":"http:\/\/consejodehermandadesdemarchena.es\/index.php?rest_route=\/wp\/v2\/media\/1857"}],"wp:attachment":[{"href":"http:\/\/consejodehermandadesdemarchena.es\/index.php?rest_route=%2Fwp%2Fv2%2Fmedia&parent=1850"}],"wp:term":[{"taxonomy":"category","embeddable":true,"href":"http:\/\/consejodehermandadesdemarchena.es\/index.php?rest_route=%2Fwp%2Fv2%2Fcategories&post=1850"},{"taxonomy":"post_tag","embeddable":true,"href":"http:\/\/consejodehermandadesdemarchena.es\/index.php?rest_route=%2Fwp%2Fv2%2Ftags&post=1850"}],"curies":[{"name":"wp","href":"https:\/\/api.w.org\/{rel}","templated":true}]}}