{"id":1865,"date":"2018-02-13T10:17:26","date_gmt":"2018-02-13T09:17:26","guid":{"rendered":"http:\/\/consejodehermandadesdemarchena.es\/CCHHM\/?p=1865"},"modified":"2018-02-13T10:17:26","modified_gmt":"2018-02-13T09:17:26","slug":"presentacion-la-obra-pictorica-revista-la-semana-santa-2018","status":"publish","type":"post","link":"http:\/\/consejodehermandadesdemarchena.es\/?p=1865","title":{"rendered":"Presentaci\u00f3n de la Obra pict\u00f3rica y Revista de la Semana Santa 2018"},"content":{"rendered":"<p><img loading=\"lazy\" decoding=\"async\" class=\"size-medium wp-image-1867 alignleft\" src=\"http:\/\/consejodehermandadesdemarchena.es\/CCHHM\/wp-content\/uploads\/2018\/02\/Presentaci\u00f3nCartlel2018-205x300.jpeg\" alt=\"\" width=\"205\" height=\"300\" srcset=\"http:\/\/consejodehermandadesdemarchena.es\/wp-content\/uploads\/2018\/02\/Presentaci\u00f3nCartlel2018-205x300.jpeg 205w, http:\/\/consejodehermandadesdemarchena.es\/wp-content\/uploads\/2018\/02\/Presentaci\u00f3nCartlel2018.jpeg 700w\" sizes=\"auto, (max-width: 205px) 100vw, 205px\" \/>El pr\u00f3ximo <strong>domingo 18 de febrero a las 13:00h<\/strong>, el Consejo General de Hermandades y Cofrad\u00edas de la Villa de Marchena presenta en la Capilla de San Lorenzo la Obra pict\u00f3rica anunciadora de la Semana Santa 2018. \u00c9sta, realizada por D\u00f1a. Nuria Barrera Bellido, tendr\u00e1 como motivo principal la Hermandad de la Santa Vera-Cruz de nuestro pueblo.<\/p>\n<p>En el mismo acto se dar\u00e1 a conocer tambi\u00e9n la revista de Semana Santa conmemorativa que cada a\u00f1o edita el Consejo.<\/p>\n","protected":false},"excerpt":{"rendered":"<p>El pr\u00f3ximo domingo 18 de febrero a las 13:00h, el Consejo General de Hermandades y Cofrad\u00edas de la Villa de Marchena presenta en la Capilla de San Lorenzo la Obra pict\u00f3rica anunciadora de la Semana Santa 2018. \u00c9sta, realizada por D\u00f1a. Nuria Barrera Bellido, tendr\u00e1 como motivo principal la Hermandad de la Santa Vera-Cruz de [&hellip;]<\/p>\n","protected":false},"author":3,"featured_media":1866,"comment_status":"closed","ping_status":"closed","sticky":false,"template":"","format":"standard","meta":{"footnotes":""},"categories":[1],"tags":[],"class_list":["post-1865","post","type-post","status-publish","format-standard","has-post-thumbnail","hentry","category-actos_y_cultos_celebrados"],"_links":{"self":[{"href":"http:\/\/consejodehermandadesdemarchena.es\/index.php?rest_route=\/wp\/v2\/posts\/1865","targetHints":{"allow":["GET"]}}],"collection":[{"href":"http:\/\/consejodehermandadesdemarchena.es\/index.php?rest_route=\/wp\/v2\/posts"}],"about":[{"href":"http:\/\/consejodehermandadesdemarchena.es\/index.php?rest_route=\/wp\/v2\/types\/post"}],"author":[{"embeddable":true,"href":"http:\/\/consejodehermandadesdemarchena.es\/index.php?rest_route=\/wp\/v2\/users\/3"}],"replies":[{"embeddable":true,"href":"http:\/\/consejodehermandadesdemarchena.es\/index.php?rest_route=%2Fwp%2Fv2%2Fcomments&post=1865"}],"version-history":[{"count":1,"href":"http:\/\/consejodehermandadesdemarchena.es\/index.php?rest_route=\/wp\/v2\/posts\/1865\/revisions"}],"predecessor-version":[{"id":1868,"href":"http:\/\/consejodehermandadesdemarchena.es\/index.php?rest_route=\/wp\/v2\/posts\/1865\/revisions\/1868"}],"wp:featuredmedia":[{"embeddable":true,"href":"http:\/\/consejodehermandadesdemarchena.es\/index.php?rest_route=\/wp\/v2\/media\/1866"}],"wp:attachment":[{"href":"http:\/\/consejodehermandadesdemarchena.es\/index.php?rest_route=%2Fwp%2Fv2%2Fmedia&parent=1865"}],"wp:term":[{"taxonomy":"category","embeddable":true,"href":"http:\/\/consejodehermandadesdemarchena.es\/index.php?rest_route=%2Fwp%2Fv2%2Fcategories&post=1865"},{"taxonomy":"post_tag","embeddable":true,"href":"http:\/\/consejodehermandadesdemarchena.es\/index.php?rest_route=%2Fwp%2Fv2%2Ftags&post=1865"}],"curies":[{"name":"wp","href":"https:\/\/api.w.org\/{rel}","templated":true}]}}