{"id":1916,"date":"2018-09-26T08:01:19","date_gmt":"2018-09-26T07:01:19","guid":{"rendered":"http:\/\/consejodehermandadesdemarchena.es\/CCHHM\/?p=1916"},"modified":"2026-05-01T10:37:14","modified_gmt":"2026-05-01T08:37:14","slug":"consejo-hermandades-elige-perez-indiano-realizar-la-obra-pictorica-anunciara-la-semana-santa-marchena-2019","status":"publish","type":"post","link":"http:\/\/consejodehermandadesdemarchena.es\/?p=1916","title":{"rendered":"El Consejo de Hermandades elige a P\u00e9rez Indiano para realizar la obra pict\u00f3rica que anunciar\u00e1 la Semana Santa de Marchena 2019"},"content":{"rendered":"<p><img loading=\"lazy\" decoding=\"async\" class=\"size-thumbnail wp-image-1918 alignleft\" src=\"http:\/\/consejodehermandadesdemarchena.es\/CCHHM\/wp-content\/uploads\/2018\/09\/PerezIndiano002-150x150.jpg\" alt=\"\" width=\"150\" height=\"150\" srcset=\"http:\/\/consejodehermandadesdemarchena.es\/wp-content\/uploads\/2018\/09\/PerezIndiano002-150x150.jpg 150w, http:\/\/consejodehermandadesdemarchena.es\/wp-content\/uploads\/2018\/09\/PerezIndiano002.jpg 260w\" sizes=\"auto, (max-width: 150px) 100vw, 150px\" \/>El pasado 25 de septiembre se\u00a0celebr\u00f3 reuni\u00f3n de la Junta Superior del Consejo de Hermandades presidido por el Rvdo. P. D. Jos\u00e9 Tom\u00e1s Montes \u00c1lvarez y, entre otros puntos del orden del d\u00eda,\u00a0se\u00a0eligi\u00f3 por unanimidad encargar a D. Jos\u00e9 Tom\u00e1s P\u00e9rez Indiano la obra pit\u00f3rica que ser\u00e1 cartel anunciador de la Semana Santa de Marchena de 2019.<\/p>\n<p>Jos\u00e9 Tom\u00e1s, nacido en marzo de 1991. Su aficio\u0301n a la pintura y al dibujo comienza desde temprana edad, interesado como estaba en la pintura cla\u0301sica, taurina y religiosa principalmente.<\/p>\n<p>En su historial en el mundo de la pintura, P\u00e9rez Indiano comenz\u00f3 su andadura obteniendo primeros premios en diversos concursos, sus pinturas han ilustrado carteles y portadas de revistas patronales y de romeri\u0301as. Sus obras pueden encontrarse en gran parte de la geografi\u0301a espa\u00f1ola, especialmente en colecciones particulares de la provincia de Badajoz, Sevilla, Huelva, Almer\u00eda y Madrid, entre otras.<br \/>\nLa obra de este joven artista se resume en un estilo muy personal, innovando con nuevas t\u00e9cnicas y haciendo de su obra una composici\u00f3n valiente y arriesgada.<\/p>\n<p><strong>Exposiciones Individuales:<\/strong><\/p>\n<ul>\n<li>Marzo 2016: &#8216;Miradas en el Tiempo&#8217; Parlamento de Extremadura.<\/li>\n<li>Junio 2016: &#8216;Miradas en el Tiempo&#8217; Fundaci\u00f3n Caja Badajoz.<\/li>\n<li>Noviembre 2016: &#8216;Miradas en el Tiempo&#8217;. Sala \u00c1mbito Cultural. El Corte Ingl\u00e9s<\/li>\n<li>Noviembre 2016: &#8216;Esencia y Luz&#8217; C\u00edrculo Mercantil e Industrial Sevilla<\/li>\n<\/ul>\n<p><strong>Exposiciones Colectivas:<\/strong><\/p>\n<ul>\n<li>Marzo de 2016: Muestra Cofrade. Asociaci\u00f3n de Artistas Locales de Carmona.<\/li>\n<li>Marzo 2016: &#8216;Miradas de Silencio y Amor&#8217; organizada por la Hermandad del Silencio de Sanl\u00facar de Barrameda.<\/li>\n<li>Marzo 2017: &#8216;Miradas de Silencio y Amor II&#8217; organizada por la Hermandad del Silencio de Sanl\u00facar de Barrameda.<\/li>\n<li>Abril 2017: &#8216;Factor\u00eda de Artistas&#8217; Centro Interpretaci\u00f3n Zurbar\u00e1n.<\/li>\n<li>Mayo 2017: &#8216;El Legado de Murillo&#8217; Parlamento de Andaluc\u00eda.<\/li>\n<li>Enero 2018: &#8216;Reflejos de Murillo&#8217; Ayuntamiento de Sevilla.<\/li>\n<li>Marzo 2018: II Muestra Cofrade de Pintura y Escultura, en la Casa Col\u00f3n de la Ciudad de Huelva.<\/li>\n<li>Junio 2018: &#8216;Macarena&#8217; Organizada por la Hermandad de la Macarena, Sevilla. C\u00edrculo Mercantil e Industrial de Sevilla.<\/li>\n<\/ul>\n<p><strong>Carteler\u00eda:<\/strong><\/p>\n<ul>\n<li>Primeros premios en diversos concursos de carteles anunciadores de romer\u00edas y fiestas.<\/li>\n<li>Cartel L Aniversario Ntra. Sra. del Rosario. Real Cofrad\u00eda Infantil de M\u00e9rida. 2016.<\/li>\n<li>Cartel Corpus Christi. Valencia del Ventoso. 2016.<\/li>\n<li>Cartel Ntra. Sra. Del Valle. Hermandad Del Valle, Valencia del Ventoso. 2016.<\/li>\n<li>Cartel XL Aniversario Grupo Joven Hermandad Sacramental de la Sagrada Cena Sevilla. 2016.<\/li>\n<li>Cartel Semana Santa Jerez de los Caballeros. Junta de Cofrad\u00edas. 2017.<\/li>\n<li>Cartel Semana Santa Berja, Almer\u00eda. Junta de Cofrad\u00edas. 2017.<\/li>\n<li>Cartel Romer\u00eda del Roc\u00edo de la Real e Ilustre Hermandad del Roc\u00edo de Madrid. 2017.<\/li>\n<li>Cartel Anunciador exposici\u00f3n &#8216;El Legado de Murillo&#8217;. Parlamento de Andaluc\u00eda. 2017.<\/li>\n<li>Cartel Feria Taurina de M\u00e9rida. 2016.<\/li>\n<li>Cartel Feria Taurina de Herrera del Duque. 2016.<\/li>\n<li>Cartel Feria Taurina Villanueva del Arzobispo. Ja\u00e9n.<\/li>\n<li>Cartel Feria Taurina Trujillo. 2017.<\/li>\n<li>Cartel Feria Taurina C\u00e1ceres. 2017.<\/li>\n<li>Cartel &#8216;El Amor Crucificado&#8217; para la marcha de DAVID Hurtado con motivo del Aniversario del Cristo del Amor, Sevilla.<\/li>\n<li>Cartel Semana Santa de los grupos j\u00f3venes de las Hermandades de Triana 2018.<\/li>\n<li>Cartel Semana Santa Hermandad Sacramental san Juan Bautista de san Juan de Aznalfarache 2018.<\/li>\n<li>Programa de mano Semana Santa 2018 de El Correo de Andalucia.<\/li>\n<li>Cartel Virgen de la Cabeza. Real Cofrad\u00eda de la Virgen de la Cabeza, Fuente del Maestre.<\/li>\n<li>Cartel Feria Taurina Trujillo 2018.<\/li>\n<li>Cartel Feria Taurina Herrera del Duque 2018.<\/li>\n<li>Cartel Novilladas Nocturnas de Promoci\u00f3n Real Maestranza de Caballeria de Sevilla 2018.<\/li>\n<li>Cartel anunciador Fiestas de Ntra. Sra. de la Piedad y Feria de la Vendimia de Almendralejo 2018.<\/li>\n<li>Cartel Fiestas Mayores de la Divina Pastora de Cantillana 2018.<\/li>\n<li>Cartel Fiestas Mayores del Rosario de Carri\u00f3n de los C\u00e9spedes 2018.<\/li>\n<li>Cartel anunciador de las Fiestas de Ntra. Sra. de la Piedad y Feria de la Vendimia de Almendralejo 2018.<\/li>\n<li>Papeleta de Sitio Salida Extraordinaria Real Hermandad Sacramental de San Juan Bautista de San Juan de Aznalfarache.<\/li>\n<li>Cartel CXXV Aniversario Hermandad del Descendimiento de Ayamonte.<\/li>\n<li>Cartel Semana Santa Espartinas. 2019.<\/li>\n<\/ul>\n<p><strong>Publicaciones y Colaboraciones:<\/strong><\/p>\n<ul>\n<li>Ilustraciones Taurinas para Badajoz Taurina. Feria Taurina San Juan. 2016.<\/li>\n<li>Colaboraci\u00f3n Performance junto a Miguel de Tena. Concierto a favor de la Asoc. Lucha Contra el C\u00e1ncer. 2016.<\/li>\n<li>Ilustraciones salidas procesionales Tiempo de Glorias en Sevilla para Diario de Pasi\u00f3n Sevilla. 2016.<\/li>\n<li>Ilustraci\u00f3n Programa de Mano Sevilla Taurina. Feria de Abril 2016 en la Real Maestranza de Caballer\u00eda de Sevilla.<\/li>\n<li>Colaboraci\u00f3n con Ilutraciones semanales en el Programa Viva Los Toros, Ondaluz Tv Sevilla. 2017 y actualmente.<\/li>\n<li>Ilustraci\u00f3n obras Preg\u00f3n Cofrade Restaurante Victoria 8, Sevilla 2017.<\/li>\n<li>Ilustraciones para Programas de Mano, Empresa Pag\u00e9s. Real Maestranza de Caballer\u00eda Sevilla. 2017.<\/li>\n<li>Colaboraci\u00f3n Performance con la cantante Maria Toledo durante su concierto. 2018.<\/li>\n<li>Ilustraci\u00f3n preg\u00f3n de la hermandad de los gitanos de sevilla. Pregonero Antonio Romero Padilla.<\/li>\n<li>Ilustraciones para Programas de Mano, Empresa Pag\u00e9s. Real Maestranza de Caballer\u00eda Sevilla. 2018.<\/li>\n<li>Ilustraciones para programas de mano Empresa Pag\u00e9s feria taurina de san Miguel 2018 Sevilla.<\/li>\n<\/ul>\n","protected":false},"excerpt":{"rendered":"<p>El pasado 25 de septiembre se\u00a0celebr\u00f3 reuni\u00f3n de la Junta Superior del Consejo de Hermandades presidido por el Rvdo. P. D. Jos\u00e9 Tom\u00e1s Montes \u00c1lvarez y, entre otros puntos del orden del d\u00eda,\u00a0se\u00a0eligi\u00f3 por unanimidad encargar a D. Jos\u00e9 Tom\u00e1s P\u00e9rez Indiano la obra pit\u00f3rica que ser\u00e1 cartel anunciador de la Semana Santa de Marchena [&hellip;]<\/p>\n","protected":false},"author":3,"featured_media":1917,"comment_status":"closed","ping_status":"closed","sticky":false,"template":"","format":"standard","meta":{"footnotes":""},"categories":[1],"tags":[],"class_list":["post-1916","post","type-post","status-publish","format-standard","has-post-thumbnail","hentry","category-actos_y_cultos_celebrados"],"_links":{"self":[{"href":"http:\/\/consejodehermandadesdemarchena.es\/index.php?rest_route=\/wp\/v2\/posts\/1916","targetHints":{"allow":["GET"]}}],"collection":[{"href":"http:\/\/consejodehermandadesdemarchena.es\/index.php?rest_route=\/wp\/v2\/posts"}],"about":[{"href":"http:\/\/consejodehermandadesdemarchena.es\/index.php?rest_route=\/wp\/v2\/types\/post"}],"author":[{"embeddable":true,"href":"http:\/\/consejodehermandadesdemarchena.es\/index.php?rest_route=\/wp\/v2\/users\/3"}],"replies":[{"embeddable":true,"href":"http:\/\/consejodehermandadesdemarchena.es\/index.php?rest_route=%2Fwp%2Fv2%2Fcomments&post=1916"}],"version-history":[{"count":4,"href":"http:\/\/consejodehermandadesdemarchena.es\/index.php?rest_route=\/wp\/v2\/posts\/1916\/revisions"}],"predecessor-version":[{"id":1922,"href":"http:\/\/consejodehermandadesdemarchena.es\/index.php?rest_route=\/wp\/v2\/posts\/1916\/revisions\/1922"}],"wp:featuredmedia":[{"embeddable":true,"href":"http:\/\/consejodehermandadesdemarchena.es\/index.php?rest_route=\/wp\/v2\/media\/1917"}],"wp:attachment":[{"href":"http:\/\/consejodehermandadesdemarchena.es\/index.php?rest_route=%2Fwp%2Fv2%2Fmedia&parent=1916"}],"wp:term":[{"taxonomy":"category","embeddable":true,"href":"http:\/\/consejodehermandadesdemarchena.es\/index.php?rest_route=%2Fwp%2Fv2%2Fcategories&post=1916"},{"taxonomy":"post_tag","embeddable":true,"href":"http:\/\/consejodehermandadesdemarchena.es\/index.php?rest_route=%2Fwp%2Fv2%2Ftags&post=1916"}],"curies":[{"name":"wp","href":"https:\/\/api.w.org\/{rel}","templated":true}]}}