{"id":2041,"date":"2019-03-06T13:56:13","date_gmt":"2019-03-06T12:56:13","guid":{"rendered":"http:\/\/consejodehermandadesdemarchena.es\/CCHHM\/?p=2041"},"modified":"2019-03-06T13:56:13","modified_gmt":"2019-03-06T12:56:13","slug":"i-encuentro-de-hermandades-y-cofradias-del-arciprestazgo-de-marchena","status":"publish","type":"post","link":"http:\/\/consejodehermandadesdemarchena.es\/?p=2041","title":{"rendered":"I Encuentro de Hermandades y Cofrad\u00edas del Arciprestazgo de Marchena"},"content":{"rendered":"<p><img loading=\"lazy\" decoding=\"async\" class=\"alignleft size-medium wp-image-2042\" src=\"http:\/\/consejodehermandadesdemarchena.es\/CCHHM\/wp-content\/uploads\/2019\/03\/WhatsApp-Image-2019-02-22-at-15.41.48-213x300.jpeg\" alt=\"\" width=\"213\" height=\"300\" srcset=\"http:\/\/consejodehermandadesdemarchena.es\/wp-content\/uploads\/2019\/03\/WhatsApp-Image-2019-02-22-at-15.41.48-213x300.jpeg 213w, http:\/\/consejodehermandadesdemarchena.es\/wp-content\/uploads\/2019\/03\/WhatsApp-Image-2019-02-22-at-15.41.48-768x1080.jpeg 768w, http:\/\/consejodehermandadesdemarchena.es\/wp-content\/uploads\/2019\/03\/WhatsApp-Image-2019-02-22-at-15.41.48-728x1024.jpeg 728w, http:\/\/consejodehermandadesdemarchena.es\/wp-content\/uploads\/2019\/03\/WhatsApp-Image-2019-02-22-at-15.41.48.jpeg 1138w\" sizes=\"auto, (max-width: 213px) 100vw, 213px\" \/>El pasado s\u00e1bado 2 de marzo de 2019 se celebr\u00f3 en Marchena el primer encuentro de Hermandades y Cofrad\u00edas del Arciprestazgo de Marchena, convocado por el Arcipreste de Marchena Rvdo. P. D. Jos\u00e9 Tom\u00e1s Montes \u00c1lvarez y el Delegado para las Hermandades del Arciprestazgo, Rvdo. P. D. \u00c1lvaro Rom\u00e1n Villal\u00f3n y dirigido a todas las Hermandades y Consejos de Hermandades de las localidades de Arahal, Paradas y Marchena.<\/p>\n<p>Tras la recepci\u00f3n en patio de entrada del convento de la Pur\u00edsima Concepci\u00f3n los asistentes realizaron una oraci\u00f3n conjunta en la Iglesia conventual dirigida por D. Jos\u00e9 Tom\u00e1s. A su finalizaci\u00f3n hubo un momento de convivencia dentro de las dependencias del convento.<\/p>\n<p>A continuaci\u00f3n, el Delegado de Hermandades de la Archidi\u00f3sesis de Sevilla, Rvdo. P. D. Marcelino Manzano Vilches imparti\u00f3 una conferencia en la cual, entre otros aspectos, estimulaba a las Juntas de Gobierno y Consejos de Hermandades a realizar acciones pastorales y evangelizadoras dado el potencial de convocatoria que tienen las Hermandades. Tambi\u00e9n hizo menci\u00f3n a la importancia que tiene la formaci\u00f3n en las Juntas de Gobierno y la relevancia que ha tomado la legislaci\u00f3n sobre protecci\u00f3n de datos en la Archidi\u00f3sesis.<\/p>\n<p>Por \u00faltimo, y como cierre de la jornada, se celebr\u00f3 Santa Misa en la Iglesia Parroquial de San Juan Bautista, presidida por D. Marcelino y concelebrada por D. Jos\u00e9 Tom\u00e1s Montes \u00c1lvarez, D. \u00c1lvaro Rom\u00e1n Villal\u00f3n, D. Juan Ram\u00f3n Gallardo Soriano, D. Carlos San Jos\u00e9 Cano y el Di\u00e1cono D. J. Antonio De La Maza Caballos.<\/p>\n<p><img loading=\"lazy\" decoding=\"async\" class=\"alignleft size-large wp-image-2048\" src=\"http:\/\/consejodehermandadesdemarchena.es\/CCHHM\/wp-content\/uploads\/2019\/03\/WhatsApp-Image-2019-03-03-at-10.42.50-1024x768.jpeg\" alt=\"\" width=\"990\" height=\"743\" srcset=\"http:\/\/consejodehermandadesdemarchena.es\/wp-content\/uploads\/2019\/03\/WhatsApp-Image-2019-03-03-at-10.42.50-1024x768.jpeg 1024w, http:\/\/consejodehermandadesdemarchena.es\/wp-content\/uploads\/2019\/03\/WhatsApp-Image-2019-03-03-at-10.42.50-300x225.jpeg 300w, http:\/\/consejodehermandadesdemarchena.es\/wp-content\/uploads\/2019\/03\/WhatsApp-Image-2019-03-03-at-10.42.50-768x576.jpeg 768w, http:\/\/consejodehermandadesdemarchena.es\/wp-content\/uploads\/2019\/03\/WhatsApp-Image-2019-03-03-at-10.42.50.jpeg 1328w\" sizes=\"auto, (max-width: 990px) 100vw, 990px\" \/> <img loading=\"lazy\" decoding=\"async\" class=\"alignleft size-large wp-image-2044\" src=\"http:\/\/consejodehermandadesdemarchena.es\/CCHHM\/wp-content\/uploads\/2019\/03\/WhatsApp-Image-2019-03-02-at-23.11.42b-1024x768.jpeg\" alt=\"\" width=\"990\" height=\"743\" srcset=\"http:\/\/consejodehermandadesdemarchena.es\/wp-content\/uploads\/2019\/03\/WhatsApp-Image-2019-03-02-at-23.11.42b-1024x768.jpeg 1024w, http:\/\/consejodehermandadesdemarchena.es\/wp-content\/uploads\/2019\/03\/WhatsApp-Image-2019-03-02-at-23.11.42b-300x225.jpeg 300w, http:\/\/consejodehermandadesdemarchena.es\/wp-content\/uploads\/2019\/03\/WhatsApp-Image-2019-03-02-at-23.11.42b-768x576.jpeg 768w, http:\/\/consejodehermandadesdemarchena.es\/wp-content\/uploads\/2019\/03\/WhatsApp-Image-2019-03-02-at-23.11.42b.jpeg 1600w\" sizes=\"auto, (max-width: 990px) 100vw, 990px\" \/> <img loading=\"lazy\" decoding=\"async\" class=\"alignleft size-large wp-image-2047\" src=\"http:\/\/consejodehermandadesdemarchena.es\/CCHHM\/wp-content\/uploads\/2019\/03\/WhatsApp-Image-2019-03-03-at-10.42.49-1024x768.jpeg\" alt=\"\" width=\"990\" height=\"743\" srcset=\"http:\/\/consejodehermandadesdemarchena.es\/wp-content\/uploads\/2019\/03\/WhatsApp-Image-2019-03-03-at-10.42.49-1024x768.jpeg 1024w, http:\/\/consejodehermandadesdemarchena.es\/wp-content\/uploads\/2019\/03\/WhatsApp-Image-2019-03-03-at-10.42.49-300x225.jpeg 300w, http:\/\/consejodehermandadesdemarchena.es\/wp-content\/uploads\/2019\/03\/WhatsApp-Image-2019-03-03-at-10.42.49-768x576.jpeg 768w, http:\/\/consejodehermandadesdemarchena.es\/wp-content\/uploads\/2019\/03\/WhatsApp-Image-2019-03-03-at-10.42.49.jpeg 1328w\" sizes=\"auto, (max-width: 990px) 100vw, 990px\" \/> <img loading=\"lazy\" decoding=\"async\" class=\"alignleft size-large wp-image-2045\" src=\"http:\/\/consejodehermandadesdemarchena.es\/CCHHM\/wp-content\/uploads\/2019\/03\/WhatsApp-Image-2019-03-02-at-23.11.42d-1024x768.jpeg\" alt=\"\" width=\"990\" height=\"743\" srcset=\"http:\/\/consejodehermandadesdemarchena.es\/wp-content\/uploads\/2019\/03\/WhatsApp-Image-2019-03-02-at-23.11.42d-1024x768.jpeg 1024w, http:\/\/consejodehermandadesdemarchena.es\/wp-content\/uploads\/2019\/03\/WhatsApp-Image-2019-03-02-at-23.11.42d-300x225.jpeg 300w, http:\/\/consejodehermandadesdemarchena.es\/wp-content\/uploads\/2019\/03\/WhatsApp-Image-2019-03-02-at-23.11.42d-768x576.jpeg 768w, http:\/\/consejodehermandadesdemarchena.es\/wp-content\/uploads\/2019\/03\/WhatsApp-Image-2019-03-02-at-23.11.42d.jpeg 1600w\" sizes=\"auto, (max-width: 990px) 100vw, 990px\" \/> <img loading=\"lazy\" decoding=\"async\" class=\"alignleft size-large wp-image-2046\" src=\"http:\/\/consejodehermandadesdemarchena.es\/CCHHM\/wp-content\/uploads\/2019\/03\/WhatsApp-Image-2019-03-02-at-23.11.43f-1024x768.jpeg\" alt=\"\" width=\"990\" height=\"743\" srcset=\"http:\/\/consejodehermandadesdemarchena.es\/wp-content\/uploads\/2019\/03\/WhatsApp-Image-2019-03-02-at-23.11.43f-1024x768.jpeg 1024w, http:\/\/consejodehermandadesdemarchena.es\/wp-content\/uploads\/2019\/03\/WhatsApp-Image-2019-03-02-at-23.11.43f-300x225.jpeg 300w, http:\/\/consejodehermandadesdemarchena.es\/wp-content\/uploads\/2019\/03\/WhatsApp-Image-2019-03-02-at-23.11.43f-768x576.jpeg 768w, http:\/\/consejodehermandadesdemarchena.es\/wp-content\/uploads\/2019\/03\/WhatsApp-Image-2019-03-02-at-23.11.43f.jpeg 1600w\" sizes=\"auto, (max-width: 990px) 100vw, 990px\" \/> <img loading=\"lazy\" decoding=\"async\" class=\"alignleft size-large wp-image-2043\" src=\"http:\/\/consejodehermandadesdemarchena.es\/CCHHM\/wp-content\/uploads\/2019\/03\/WhatsApp-Image-2019-03-02-at-23.11.40-1024x768.jpeg\" alt=\"\" width=\"990\" height=\"743\" srcset=\"http:\/\/consejodehermandadesdemarchena.es\/wp-content\/uploads\/2019\/03\/WhatsApp-Image-2019-03-02-at-23.11.40-1024x768.jpeg 1024w, http:\/\/consejodehermandadesdemarchena.es\/wp-content\/uploads\/2019\/03\/WhatsApp-Image-2019-03-02-at-23.11.40-300x225.jpeg 300w, http:\/\/consejodehermandadesdemarchena.es\/wp-content\/uploads\/2019\/03\/WhatsApp-Image-2019-03-02-at-23.11.40-768x576.jpeg 768w, http:\/\/consejodehermandadesdemarchena.es\/wp-content\/uploads\/2019\/03\/WhatsApp-Image-2019-03-02-at-23.11.40.jpeg 1600w\" sizes=\"auto, (max-width: 990px) 100vw, 990px\" \/><\/p>\n","protected":false},"excerpt":{"rendered":"<p>El pasado s\u00e1bado 2 de marzo de 2019 se celebr\u00f3 en Marchena el primer encuentro de Hermandades y Cofrad\u00edas del Arciprestazgo de Marchena, convocado por el Arcipreste de Marchena Rvdo. P. D. Jos\u00e9 Tom\u00e1s Montes \u00c1lvarez y el Delegado para las Hermandades del Arciprestazgo, Rvdo. P. D. \u00c1lvaro Rom\u00e1n Villal\u00f3n y dirigido a todas las [&hellip;]<\/p>\n","protected":false},"author":3,"featured_media":2049,"comment_status":"closed","ping_status":"closed","sticky":false,"template":"","format":"standard","meta":{"footnotes":""},"categories":[1],"tags":[],"class_list":["post-2041","post","type-post","status-publish","format-standard","has-post-thumbnail","hentry","category-actos_y_cultos_celebrados"],"_links":{"self":[{"href":"http:\/\/consejodehermandadesdemarchena.es\/index.php?rest_route=\/wp\/v2\/posts\/2041","targetHints":{"allow":["GET"]}}],"collection":[{"href":"http:\/\/consejodehermandadesdemarchena.es\/index.php?rest_route=\/wp\/v2\/posts"}],"about":[{"href":"http:\/\/consejodehermandadesdemarchena.es\/index.php?rest_route=\/wp\/v2\/types\/post"}],"author":[{"embeddable":true,"href":"http:\/\/consejodehermandadesdemarchena.es\/index.php?rest_route=\/wp\/v2\/users\/3"}],"replies":[{"embeddable":true,"href":"http:\/\/consejodehermandadesdemarchena.es\/index.php?rest_route=%2Fwp%2Fv2%2Fcomments&post=2041"}],"version-history":[{"count":3,"href":"http:\/\/consejodehermandadesdemarchena.es\/index.php?rest_route=\/wp\/v2\/posts\/2041\/revisions"}],"predecessor-version":[{"id":2057,"href":"http:\/\/consejodehermandadesdemarchena.es\/index.php?rest_route=\/wp\/v2\/posts\/2041\/revisions\/2057"}],"wp:featuredmedia":[{"embeddable":true,"href":"http:\/\/consejodehermandadesdemarchena.es\/index.php?rest_route=\/wp\/v2\/media\/2049"}],"wp:attachment":[{"href":"http:\/\/consejodehermandadesdemarchena.es\/index.php?rest_route=%2Fwp%2Fv2%2Fmedia&parent=2041"}],"wp:term":[{"taxonomy":"category","embeddable":true,"href":"http:\/\/consejodehermandadesdemarchena.es\/index.php?rest_route=%2Fwp%2Fv2%2Fcategories&post=2041"},{"taxonomy":"post_tag","embeddable":true,"href":"http:\/\/consejodehermandadesdemarchena.es\/index.php?rest_route=%2Fwp%2Fv2%2Ftags&post=2041"}],"curies":[{"name":"wp","href":"https:\/\/api.w.org\/{rel}","templated":true}]}}