{"id":2053,"date":"2019-03-06T12:27:56","date_gmt":"2019-03-06T11:27:56","guid":{"rendered":"http:\/\/consejodehermandadesdemarchena.es\/CCHHM\/?p=2053"},"modified":"2019-03-06T12:27:56","modified_gmt":"2019-03-06T11:27:56","slug":"presentacion-de-la-obra-pictorica-y-revista-de-la-semana-santa-2019","status":"publish","type":"post","link":"http:\/\/consejodehermandadesdemarchena.es\/?p=2053","title":{"rendered":"Presentaci\u00f3n de la Obra pict\u00f3rica y Revista de la Semana Santa 2019"},"content":{"rendered":"<p><img loading=\"lazy\" decoding=\"async\" class=\"alignleft wp-image-2054 size-medium\" src=\"http:\/\/consejodehermandadesdemarchena.es\/CCHHM\/wp-content\/uploads\/2019\/03\/Presentaci\u00f3nCartlel2019-213x300.jpeg\" alt=\"\" width=\"213\" height=\"300\" srcset=\"http:\/\/consejodehermandadesdemarchena.es\/wp-content\/uploads\/2019\/03\/Presentaci\u00f3nCartlel2019-213x300.jpeg 213w, http:\/\/consejodehermandadesdemarchena.es\/wp-content\/uploads\/2019\/03\/Presentaci\u00f3nCartlel2019.jpeg 728w\" sizes=\"auto, (max-width: 213px) 100vw, 213px\" \/>El pr\u00f3ximo domingo 10 de marzo a las 13:00h, el Consejo General de Hermandades y Cofrad\u00edas de la Villa de Marchena presenta en la Capilla de San Lorenzo la Obra pict\u00f3rica anunciadora de la Semana Santa 2019. \u00c9sta, realizada por D. Jos\u00e9 Tom\u00e1s P\u00e9rez Indiano, tendr\u00e1 como motivo principal la Hermandad de Nuestro Padre Jes\u00fas de la Paz en su Entrada Triunfal en Jerusal\u00e9n y Mar\u00eda Sant\u00edsima de la Palma de nuestra localidad.<\/p>\n<p>En el mismo acto se dar\u00e1 a conocer tambi\u00e9n la revista de Semana Santa conmemorativa que cada a\u00f1o edita el Consejo.<\/p>\n","protected":false},"excerpt":{"rendered":"<p>El pr\u00f3ximo domingo 10 de marzo a las 13:00h, el Consejo General de Hermandades y Cofrad\u00edas de la Villa de Marchena presenta en la Capilla de San Lorenzo la Obra pict\u00f3rica anunciadora de la Semana Santa 2019. \u00c9sta, realizada por D. Jos\u00e9 Tom\u00e1s P\u00e9rez Indiano, tendr\u00e1 como motivo principal la Hermandad de Nuestro Padre Jes\u00fas [&hellip;]<\/p>\n","protected":false},"author":3,"featured_media":1866,"comment_status":"closed","ping_status":"closed","sticky":false,"template":"","format":"standard","meta":{"footnotes":""},"categories":[1],"tags":[],"class_list":["post-2053","post","type-post","status-publish","format-standard","has-post-thumbnail","hentry","category-actos_y_cultos_celebrados"],"_links":{"self":[{"href":"http:\/\/consejodehermandadesdemarchena.es\/index.php?rest_route=\/wp\/v2\/posts\/2053","targetHints":{"allow":["GET"]}}],"collection":[{"href":"http:\/\/consejodehermandadesdemarchena.es\/index.php?rest_route=\/wp\/v2\/posts"}],"about":[{"href":"http:\/\/consejodehermandadesdemarchena.es\/index.php?rest_route=\/wp\/v2\/types\/post"}],"author":[{"embeddable":true,"href":"http:\/\/consejodehermandadesdemarchena.es\/index.php?rest_route=\/wp\/v2\/users\/3"}],"replies":[{"embeddable":true,"href":"http:\/\/consejodehermandadesdemarchena.es\/index.php?rest_route=%2Fwp%2Fv2%2Fcomments&post=2053"}],"version-history":[{"count":2,"href":"http:\/\/consejodehermandadesdemarchena.es\/index.php?rest_route=\/wp\/v2\/posts\/2053\/revisions"}],"predecessor-version":[{"id":2056,"href":"http:\/\/consejodehermandadesdemarchena.es\/index.php?rest_route=\/wp\/v2\/posts\/2053\/revisions\/2056"}],"wp:featuredmedia":[{"embeddable":true,"href":"http:\/\/consejodehermandadesdemarchena.es\/index.php?rest_route=\/wp\/v2\/media\/1866"}],"wp:attachment":[{"href":"http:\/\/consejodehermandadesdemarchena.es\/index.php?rest_route=%2Fwp%2Fv2%2Fmedia&parent=2053"}],"wp:term":[{"taxonomy":"category","embeddable":true,"href":"http:\/\/consejodehermandadesdemarchena.es\/index.php?rest_route=%2Fwp%2Fv2%2Fcategories&post=2053"},{"taxonomy":"post_tag","embeddable":true,"href":"http:\/\/consejodehermandadesdemarchena.es\/index.php?rest_route=%2Fwp%2Fv2%2Ftags&post=2053"}],"curies":[{"name":"wp","href":"https:\/\/api.w.org\/{rel}","templated":true}]}}