{"id":2058,"date":"2019-03-10T13:40:38","date_gmt":"2019-03-10T12:40:38","guid":{"rendered":"http:\/\/consejodehermandadesdemarchena.es\/CCHHM\/?p=2058"},"modified":"2019-03-10T12:01:33","modified_gmt":"2019-03-10T11:01:33","slug":"cartel-revista-2019","status":"publish","type":"post","link":"http:\/\/consejodehermandadesdemarchena.es\/?p=2058","title":{"rendered":"Presentado el Cartel y revista de la Semana Santa 2019 que edita el Consejo"},"content":{"rendered":"<p><img loading=\"lazy\" decoding=\"async\" class=\"alignleft wp-image-2060\" src=\"http:\/\/consejodehermandadesdemarchena.es\/CCHHM\/wp-content\/uploads\/2019\/03\/WhatsApp-Image-2019-03-10-at-10.45.23-724x1024.jpeg\" alt=\"\" width=\"198\" height=\"280\" srcset=\"http:\/\/consejodehermandadesdemarchena.es\/wp-content\/uploads\/2019\/03\/WhatsApp-Image-2019-03-10-at-10.45.23-724x1024.jpeg 724w, http:\/\/consejodehermandadesdemarchena.es\/wp-content\/uploads\/2019\/03\/WhatsApp-Image-2019-03-10-at-10.45.23-212x300.jpeg 212w, http:\/\/consejodehermandadesdemarchena.es\/wp-content\/uploads\/2019\/03\/WhatsApp-Image-2019-03-10-at-10.45.23-768x1086.jpeg 768w, http:\/\/consejodehermandadesdemarchena.es\/wp-content\/uploads\/2019\/03\/WhatsApp-Image-2019-03-10-at-10.45.23.jpeg 1132w\" sizes=\"auto, (max-width: 198px) 100vw, 198px\" \/>Este mediod\u00eda ha sido presentado en San Lorenzo el Cartel anunciador de la Semana Santa de 2019, obra del pintor y carterista sevillano Jos\u00e9 Tom\u00e1s P\u00e9rez Indiano. Una obra pict\u00f3rica que refleja una visi\u00f3n del artista y de la hermandad. En \u00e9l, detalles como las palmas rizadas, una imagen del principal titular de nuestra hermandad de Domingo de Ramos, un nazareno de espaldas mirando al Se\u00f1or de la Paz, ramas de olivo y las yeser\u00edas del templo mercedario de San Agust\u00edn.<\/p>\n<p>Una vez presentado el cartel, ha sido presentada la revista de Semana Santa conmemorativa que cada a\u00f1o edita el Consejo, este a\u00f1o volviendo a un dise\u00f1o m\u00e1s moderno, a todo color y con 92 p\u00e1ginas en el que se recogen reportajes y art\u00edculos sobre nuestras hermandades.<\/p>\n","protected":false},"excerpt":{"rendered":"<p>Este mediod\u00eda ha sido presentado en San Lorenzo el Cartel anunciador de la Semana Santa de 2019, obra del pintor y carterista sevillano Jos\u00e9 Tom\u00e1s P\u00e9rez Indiano. Una obra pict\u00f3rica que refleja una visi\u00f3n del artista y de la hermandad. En \u00e9l, detalles como las palmas rizadas, una imagen del principal titular de nuestra hermandad [&hellip;]<\/p>\n","protected":false},"author":1,"featured_media":2060,"comment_status":"closed","ping_status":"closed","sticky":false,"template":"","format":"standard","meta":{"footnotes":""},"categories":[1],"tags":[],"class_list":["post-2058","post","type-post","status-publish","format-standard","has-post-thumbnail","hentry","category-actos_y_cultos_celebrados"],"_links":{"self":[{"href":"http:\/\/consejodehermandadesdemarchena.es\/index.php?rest_route=\/wp\/v2\/posts\/2058","targetHints":{"allow":["GET"]}}],"collection":[{"href":"http:\/\/consejodehermandadesdemarchena.es\/index.php?rest_route=\/wp\/v2\/posts"}],"about":[{"href":"http:\/\/consejodehermandadesdemarchena.es\/index.php?rest_route=\/wp\/v2\/types\/post"}],"author":[{"embeddable":true,"href":"http:\/\/consejodehermandadesdemarchena.es\/index.php?rest_route=\/wp\/v2\/users\/1"}],"replies":[{"embeddable":true,"href":"http:\/\/consejodehermandadesdemarchena.es\/index.php?rest_route=%2Fwp%2Fv2%2Fcomments&post=2058"}],"version-history":[{"count":7,"href":"http:\/\/consejodehermandadesdemarchena.es\/index.php?rest_route=\/wp\/v2\/posts\/2058\/revisions"}],"predecessor-version":[{"id":2067,"href":"http:\/\/consejodehermandadesdemarchena.es\/index.php?rest_route=\/wp\/v2\/posts\/2058\/revisions\/2067"}],"wp:featuredmedia":[{"embeddable":true,"href":"http:\/\/consejodehermandadesdemarchena.es\/index.php?rest_route=\/wp\/v2\/media\/2060"}],"wp:attachment":[{"href":"http:\/\/consejodehermandadesdemarchena.es\/index.php?rest_route=%2Fwp%2Fv2%2Fmedia&parent=2058"}],"wp:term":[{"taxonomy":"category","embeddable":true,"href":"http:\/\/consejodehermandadesdemarchena.es\/index.php?rest_route=%2Fwp%2Fv2%2Fcategories&post=2058"},{"taxonomy":"post_tag","embeddable":true,"href":"http:\/\/consejodehermandadesdemarchena.es\/index.php?rest_route=%2Fwp%2Fv2%2Ftags&post=2058"}],"curies":[{"name":"wp","href":"https:\/\/api.w.org\/{rel}","templated":true}]}}