{"id":2074,"date":"2019-04-03T12:14:27","date_gmt":"2019-04-03T11:14:27","guid":{"rendered":"http:\/\/consejodehermandadesdemarchena.es\/CCHHM\/?p=2074"},"modified":"2019-04-03T12:14:27","modified_gmt":"2019-04-03T11:14:27","slug":"pregon-de-la-semana-santa-de-marchena-2019","status":"publish","type":"post","link":"http:\/\/consejodehermandadesdemarchena.es\/?p=2074","title":{"rendered":"Preg\u00f3n de la Semana Santa de Marchena 2019"},"content":{"rendered":"<p><img loading=\"lazy\" decoding=\"async\" class=\"alignleft size-medium wp-image-2076\" src=\"http:\/\/consejodehermandadesdemarchena.es\/CCHHM\/wp-content\/uploads\/2019\/04\/revista201941-00-215x300.jpg\" alt=\"\" width=\"215\" height=\"300\" srcset=\"http:\/\/consejodehermandadesdemarchena.es\/wp-content\/uploads\/2019\/04\/revista201941-00-215x300.jpg 215w, http:\/\/consejodehermandadesdemarchena.es\/wp-content\/uploads\/2019\/04\/revista201941-00-768x1073.jpg 768w, http:\/\/consejodehermandadesdemarchena.es\/wp-content\/uploads\/2019\/04\/revista201941-00-733x1024.jpg 733w\" sizes=\"auto, (max-width: 215px) 100vw, 215px\" \/>El Consejo de Hermandades y Cofrad\u00edas de la villa tiene el honor de invitar al pueblo de Marchena al Preg\u00f3n de nuestra Semana Santa que tendr\u00e1 lugar el pr\u00f3ximo Domingo de Pasi\u00f3n, 7 de abril a las <strong>12:30 horas<\/strong>, en la Iglesia de San Juan Bautista y que ser\u00e1 pronunciado por nuestro paisano, <strong>D. Rafael Jos\u00e9 Borrego Ramos<\/strong>, y presentado por D. Antonio Lebr\u00f3n Baco.<\/p>\n<p>El pasado s\u00e1bado 30, la Junta Superior del Consejo General de Hermandades y Cofrad\u00edas de la Villa visitaron la casa del que va a ser Pregonero en este a\u00f1o 2019.<\/p>\n<p>En un \u00edntimo acto junto a su presentador, el Asesor Espiritual del Consejo Rvdo. P. D. Jos\u00e9 Tom\u00e1s Montes \u00c1lvarez, el Hermano Mayor de la Hermandad de la Santa Vera-Cruz, familia y amigos se ley\u00f3 el acta de la reuni\u00f3n de la Junta Superior donde se eligi\u00f3 como pregonero y se le hizo entrega del pergamino que acredita su nombramiento.<\/p>\n<p><img loading=\"lazy\" decoding=\"async\" class=\"alignleft size-large wp-image-2077\" src=\"http:\/\/consejodehermandadesdemarchena.es\/CCHHM\/wp-content\/uploads\/2019\/04\/WhatsApp-Image-2019-04-01-at-08.55.32-1024x768.jpeg\" alt=\"\" width=\"990\" height=\"743\" srcset=\"http:\/\/consejodehermandadesdemarchena.es\/wp-content\/uploads\/2019\/04\/WhatsApp-Image-2019-04-01-at-08.55.32-1024x768.jpeg 1024w, http:\/\/consejodehermandadesdemarchena.es\/wp-content\/uploads\/2019\/04\/WhatsApp-Image-2019-04-01-at-08.55.32-300x225.jpeg 300w, http:\/\/consejodehermandadesdemarchena.es\/wp-content\/uploads\/2019\/04\/WhatsApp-Image-2019-04-01-at-08.55.32-768x576.jpeg 768w, http:\/\/consejodehermandadesdemarchena.es\/wp-content\/uploads\/2019\/04\/WhatsApp-Image-2019-04-01-at-08.55.32.jpeg 1600w\" sizes=\"auto, (max-width: 990px) 100vw, 990px\" \/> <img loading=\"lazy\" decoding=\"async\" class=\"alignleft size-large wp-image-2079\" src=\"http:\/\/consejodehermandadesdemarchena.es\/CCHHM\/wp-content\/uploads\/2019\/04\/WhatsApp-Image-2019-04-01-at-11.34.00-1024x768.jpeg\" alt=\"\" width=\"990\" height=\"743\" srcset=\"http:\/\/consejodehermandadesdemarchena.es\/wp-content\/uploads\/2019\/04\/WhatsApp-Image-2019-04-01-at-11.34.00-1024x768.jpeg 1024w, http:\/\/consejodehermandadesdemarchena.es\/wp-content\/uploads\/2019\/04\/WhatsApp-Image-2019-04-01-at-11.34.00-300x225.jpeg 300w, http:\/\/consejodehermandadesdemarchena.es\/wp-content\/uploads\/2019\/04\/WhatsApp-Image-2019-04-01-at-11.34.00-768x576.jpeg 768w, http:\/\/consejodehermandadesdemarchena.es\/wp-content\/uploads\/2019\/04\/WhatsApp-Image-2019-04-01-at-11.34.00.jpeg 1599w\" sizes=\"auto, (max-width: 990px) 100vw, 990px\" \/><\/p>\n<p><img loading=\"lazy\" decoding=\"async\" class=\"alignleft size-full wp-image-2078\" src=\"http:\/\/consejodehermandadesdemarchena.es\/CCHHM\/wp-content\/uploads\/2019\/04\/WhatsApp-Image-2019-04-01-at-08.56.20_2.jpg\" alt=\"\" width=\"720\" height=\"868\" srcset=\"http:\/\/consejodehermandadesdemarchena.es\/wp-content\/uploads\/2019\/04\/WhatsApp-Image-2019-04-01-at-08.56.20_2.jpg 720w, http:\/\/consejodehermandadesdemarchena.es\/wp-content\/uploads\/2019\/04\/WhatsApp-Image-2019-04-01-at-08.56.20_2-249x300.jpg 249w\" sizes=\"auto, (max-width: 720px) 100vw, 720px\" \/><\/p>\n","protected":false},"excerpt":{"rendered":"<p>El Consejo de Hermandades y Cofrad\u00edas de la villa tiene el honor de invitar al pueblo de Marchena al Preg\u00f3n de nuestra Semana Santa que tendr\u00e1 lugar el pr\u00f3ximo Domingo de Pasi\u00f3n, 7 de abril a las 12:30 horas, en la Iglesia de San Juan Bautista y que ser\u00e1 pronunciado por nuestro paisano, D. Rafael [&hellip;]<\/p>\n","protected":false},"author":3,"featured_media":2081,"comment_status":"closed","ping_status":"closed","sticky":false,"template":"","format":"standard","meta":{"footnotes":""},"categories":[1],"tags":[],"class_list":["post-2074","post","type-post","status-publish","format-standard","has-post-thumbnail","hentry","category-actos_y_cultos_celebrados"],"_links":{"self":[{"href":"http:\/\/consejodehermandadesdemarchena.es\/index.php?rest_route=\/wp\/v2\/posts\/2074","targetHints":{"allow":["GET"]}}],"collection":[{"href":"http:\/\/consejodehermandadesdemarchena.es\/index.php?rest_route=\/wp\/v2\/posts"}],"about":[{"href":"http:\/\/consejodehermandadesdemarchena.es\/index.php?rest_route=\/wp\/v2\/types\/post"}],"author":[{"embeddable":true,"href":"http:\/\/consejodehermandadesdemarchena.es\/index.php?rest_route=\/wp\/v2\/users\/3"}],"replies":[{"embeddable":true,"href":"http:\/\/consejodehermandadesdemarchena.es\/index.php?rest_route=%2Fwp%2Fv2%2Fcomments&post=2074"}],"version-history":[{"count":3,"href":"http:\/\/consejodehermandadesdemarchena.es\/index.php?rest_route=\/wp\/v2\/posts\/2074\/revisions"}],"predecessor-version":[{"id":2083,"href":"http:\/\/consejodehermandadesdemarchena.es\/index.php?rest_route=\/wp\/v2\/posts\/2074\/revisions\/2083"}],"wp:featuredmedia":[{"embeddable":true,"href":"http:\/\/consejodehermandadesdemarchena.es\/index.php?rest_route=\/wp\/v2\/media\/2081"}],"wp:attachment":[{"href":"http:\/\/consejodehermandadesdemarchena.es\/index.php?rest_route=%2Fwp%2Fv2%2Fmedia&parent=2074"}],"wp:term":[{"taxonomy":"category","embeddable":true,"href":"http:\/\/consejodehermandadesdemarchena.es\/index.php?rest_route=%2Fwp%2Fv2%2Fcategories&post=2074"},{"taxonomy":"post_tag","embeddable":true,"href":"http:\/\/consejodehermandadesdemarchena.es\/index.php?rest_route=%2Fwp%2Fv2%2Ftags&post=2074"}],"curies":[{"name":"wp","href":"https:\/\/api.w.org\/{rel}","templated":true}]}}