{"id":2085,"date":"2019-10-02T19:47:12","date_gmt":"2019-10-02T18:47:12","guid":{"rendered":"http:\/\/consejodehermandadesdemarchena.es\/CCHHM\/?p=2085"},"modified":"2019-10-02T19:47:12","modified_gmt":"2019-10-02T18:47:12","slug":"el-consejo-de-hermandades-elige-a-fernando-vaquero-para-realizar-la-obra-pictorica-que-anunciara-la-semana-santa-de-marchena-2020","status":"publish","type":"post","link":"http:\/\/consejodehermandadesdemarchena.es\/?p=2085","title":{"rendered":"El Consejo de Hermandades elige a Fernando Vaquero para realizar la obra pict\u00f3rica que anunciar\u00e1 la Semana Santa de Marchena 2020"},"content":{"rendered":"<p>El pasado 24 de septiembre se\u00a0celebr\u00f3 reuni\u00f3n de la Junta Superior del Consejo de Hermandades presidido por el Rvdo. P. D. Jos\u00e9 Tom\u00e1s Montes \u00c1lvarez y, entre otros puntos del orden del d\u00eda,\u00a0se\u00a0eligi\u00f3 por unanimidad encargar a D. Fernando Vaquero Valero la obra pit\u00f3rica que ser\u00e1 cartel anunciador de la Semana Santa de Marchena de 2020.<\/p>\n<p>El que va a ser autor del cartel de la Semana Santa de Marchena del pr\u00f3ximo a\u00f1o\u00a0visit\u00f3 el pasado d\u00eda 2 de octubre la Iglesia de Santa Mar\u00eda de la Mota y a la Hermandad\u00a0del Santo Entierro de Cristo y Nuestra Se\u00f1ora y Madre de la Soledad.<\/p>\n<p>Fue recibido por el Sr. Presidente del Consejo y por el Hermano Mayor de la Hermandad, D. Salvador Moreno M\u00e1rquez, as\u00ed como por miembros de la Junta Superior del Consejo y por Oficiales de la Junta de Gobierno de\u00a0la Hermandad.<img loading=\"lazy\" decoding=\"async\" class=\"alignleft size-large wp-image-2091\" src=\"http:\/\/consejodehermandadesdemarchena.es\/CCHHM\/wp-content\/uploads\/2019\/10\/Vaquero_003-1024x782.jpg\" alt=\"\" width=\"990\" height=\"756\" srcset=\"http:\/\/consejodehermandadesdemarchena.es\/wp-content\/uploads\/2019\/10\/Vaquero_003-1024x782.jpg 1024w, http:\/\/consejodehermandadesdemarchena.es\/wp-content\/uploads\/2019\/10\/Vaquero_003-300x229.jpg 300w, http:\/\/consejodehermandadesdemarchena.es\/wp-content\/uploads\/2019\/10\/Vaquero_003-768x587.jpg 768w, http:\/\/consejodehermandadesdemarchena.es\/wp-content\/uploads\/2019\/10\/Vaquero_003.jpg 1600w\" sizes=\"auto, (max-width: 990px) 100vw, 990px\" \/><\/p>\n<p>En la sala de juntas incluida en las dependencias de la iglesia se firm\u00f3 en acto solemne el encargo del cuadro que ser\u00e1 cartel anunciador de la Semana Santa de Marchena 2020.<\/p>\n<p>El motivo principal de la pintura estar\u00e1 basado en la Hermandad del Santo Entierro de Cristo y Nuestra Se\u00f1ora y Madre de la Soledad.<img loading=\"lazy\" decoding=\"async\" class=\"alignleft size-large wp-image-2093\" src=\"http:\/\/consejodehermandadesdemarchena.es\/CCHHM\/wp-content\/uploads\/2019\/10\/Vaquero_004-1024x683.jpg\" alt=\"\" width=\"990\" height=\"660\" srcset=\"http:\/\/consejodehermandadesdemarchena.es\/wp-content\/uploads\/2019\/10\/Vaquero_004-1024x683.jpg 1024w, http:\/\/consejodehermandadesdemarchena.es\/wp-content\/uploads\/2019\/10\/Vaquero_004-300x200.jpg 300w, http:\/\/consejodehermandadesdemarchena.es\/wp-content\/uploads\/2019\/10\/Vaquero_004-768x512.jpg 768w, http:\/\/consejodehermandadesdemarchena.es\/wp-content\/uploads\/2019\/10\/Vaquero_004.jpg 1600w\" sizes=\"auto, (max-width: 990px) 100vw, 990px\" \/><\/p>\n<p>Fernando Vaquero Valero es un conocido pintor sevillano autor de numerosos carteles y obras de car\u00e1cter historicista. Es sobrino del recordado Francisco Maireles Vela. Est\u00e1 casado con la tambi\u00e9n pintora y escultora Irene Dorado y es padre de una ni\u00f1a.Resulta curioso que no es hasta 2012 cuando Vaquero comienza a dedicarse como profesional a la pintura, pues tuvo el honor de ser seleccionado para recibir las ense\u00f1anzas impartidas por el pintor Antonio L\u00f3pez, si bien su formaci\u00f3n ir\u00e1 in crescendo. Su evoluci\u00f3n art\u00edstica le llevar\u00e1 a un realismo figurativo que se convertir\u00e1 en el santo y se\u00f1a de su cuidada obra.<\/p>\n<p>Dentro de la carteler\u00eda, ha de destacarse, entre otros, su cartel de la Semana Santa de Sevilla de este 2019, el del Corpus Christi de Sevilla en 2016, Semana Santa de Carmona 2018, Semana Santa de Osuna 2019, Romeria de Valme 2018, el de los setentaicinco a\u00f1os de la Hermandad de Torrijos de Valencina de la Concepci\u00f3n, el de la romer\u00eda de Nuestra Se\u00f1ora de Gracia de Carmona en 2013 o los recientemente presentados del bicentenario de la hechura de la Esperanza de la Trinidad, el cartel de la Venida de la Virgen del Rocio 2019 y el cartel de la Romer\u00eda de Huevar tambi\u00e9n de este mismo a\u00f1o. Es tambi\u00e9n autor de renombradas portadas de boletines como la de Montesi\u00f3n de Sevilla con su obra titulada \u201cLa oraci\u00f3n azul\u201d de gran repercusi\u00f3n en la pasada cuaresma o \u201cLa oraci\u00f3n del costalero\u201d para el bolet\u00edn de Madre de Dios del Rosario (patrona de capataces y costaleros).<\/p>\n<p>Es tambi\u00e9n recordada su aportaci\u00f3n pict\u00f3rica a Hermandad de la Macarena durante la exposici\u00f3n \u201cMacarena\u201d del C\u00edrculo Mercantil de Sevilla , donde mostr\u00f3 un in\u00e9dito retrato del Se\u00f1or de la Sentencia sin su corona de espinas. Cofrade de la Hermandad de la Amargura por tradici\u00f3n familiar, ha sido comisario durante la pasada Cuaresma de la exposici\u00f3n pict\u00f3rica \u201cUniverso Amarguras\u201d de enorme \u00e9xito que tuvo lugar en el consistorio hispalense y donde sus compa\u00f1eros artistas y \u00e9l mismo aportaron sus visiones ante el centenario de la marcha \u201cAmarguras\u201d compuesta en 1919 por Font de Anta.<\/p>\n<p>Aparte de su obra sacra Fernando Vaquero es un pintor historicista, su cuadro \u201cEl Expolio\u201d de la pasada muestra \u201cReflejos de Murillo\u201d en el Ayuntamiento de Sevilla caus\u00f3 gran admiraci\u00f3n. Son caracter\u00edsticos tambi\u00e9n sus cuadros donde representa estudios y talleres de pintores del pasado en la que convierte el recurso \u201ccuadro dentro de un cuadro\u201den el leitmotiv de estas composiciones. Este pintor trabaja tambi\u00e9n para la empresa \u201cLa Despensa de Palacio\u201d dise\u00f1ando sus latas y cajas de dulces.<\/p>\n<p>No puede dejarse caer en el olvido que a Fernando Vaquero le fue concedido el premio de pintura del Real e Ilustre Colegio Oficial de M\u00e9dicos de Sevilla en 2014.<\/p>\n<p>Para el 2020 ha sido designado como cartelista de la Semana Santa de las localidades de Alcal\u00e1 de Guadaira, Dos Hermanas y nuestra localidad.<\/p>\n","protected":false},"excerpt":{"rendered":"<p>El pasado 24 de septiembre se\u00a0celebr\u00f3 reuni\u00f3n de la Junta Superior del Consejo de Hermandades presidido por el Rvdo. P. D. Jos\u00e9 Tom\u00e1s Montes \u00c1lvarez y, entre otros puntos del orden del d\u00eda,\u00a0se\u00a0eligi\u00f3 por unanimidad encargar a D. Fernando Vaquero Valero la obra pit\u00f3rica que ser\u00e1 cartel anunciador de la Semana Santa de Marchena de [&hellip;]<\/p>\n","protected":false},"author":3,"featured_media":2090,"comment_status":"closed","ping_status":"closed","sticky":false,"template":"","format":"standard","meta":{"footnotes":""},"categories":[1],"tags":[],"class_list":["post-2085","post","type-post","status-publish","format-standard","has-post-thumbnail","hentry","category-actos_y_cultos_celebrados"],"_links":{"self":[{"href":"http:\/\/consejodehermandadesdemarchena.es\/index.php?rest_route=\/wp\/v2\/posts\/2085","targetHints":{"allow":["GET"]}}],"collection":[{"href":"http:\/\/consejodehermandadesdemarchena.es\/index.php?rest_route=\/wp\/v2\/posts"}],"about":[{"href":"http:\/\/consejodehermandadesdemarchena.es\/index.php?rest_route=\/wp\/v2\/types\/post"}],"author":[{"embeddable":true,"href":"http:\/\/consejodehermandadesdemarchena.es\/index.php?rest_route=\/wp\/v2\/users\/3"}],"replies":[{"embeddable":true,"href":"http:\/\/consejodehermandadesdemarchena.es\/index.php?rest_route=%2Fwp%2Fv2%2Fcomments&post=2085"}],"version-history":[{"count":5,"href":"http:\/\/consejodehermandadesdemarchena.es\/index.php?rest_route=\/wp\/v2\/posts\/2085\/revisions"}],"predecessor-version":[{"id":2094,"href":"http:\/\/consejodehermandadesdemarchena.es\/index.php?rest_route=\/wp\/v2\/posts\/2085\/revisions\/2094"}],"wp:featuredmedia":[{"embeddable":true,"href":"http:\/\/consejodehermandadesdemarchena.es\/index.php?rest_route=\/wp\/v2\/media\/2090"}],"wp:attachment":[{"href":"http:\/\/consejodehermandadesdemarchena.es\/index.php?rest_route=%2Fwp%2Fv2%2Fmedia&parent=2085"}],"wp:term":[{"taxonomy":"category","embeddable":true,"href":"http:\/\/consejodehermandadesdemarchena.es\/index.php?rest_route=%2Fwp%2Fv2%2Fcategories&post=2085"},{"taxonomy":"post_tag","embeddable":true,"href":"http:\/\/consejodehermandadesdemarchena.es\/index.php?rest_route=%2Fwp%2Fv2%2Ftags&post=2085"}],"curies":[{"name":"wp","href":"https:\/\/api.w.org\/{rel}","templated":true}]}}