{"id":2685,"date":"2024-03-09T22:56:00","date_gmt":"2024-03-09T20:56:00","guid":{"rendered":"http:\/\/consejodehermandadesdemarchena.es\/?p=2685"},"modified":"2024-03-09T22:57:08","modified_gmt":"2024-03-09T20:57:08","slug":"visita-al-pregonero-2024","status":"publish","type":"post","link":"http:\/\/consejodehermandadesdemarchena.es\/?p=2685","title":{"rendered":"Visita al Pregonero de la Semana Santa 2024"},"content":{"rendered":"<p><img loading=\"lazy\" decoding=\"async\" class=\"alignnone wp-image-2688 size-medium\" src=\"http:\/\/consejodehermandadesdemarchena.es\/wp-content\/uploads\/2024\/03\/IMG-20240309-WA0015-300x271.jpg\" alt=\"\" width=\"300\" height=\"271\" srcset=\"http:\/\/consejodehermandadesdemarchena.es\/wp-content\/uploads\/2024\/03\/IMG-20240309-WA0015-300x271.jpg 300w, http:\/\/consejodehermandadesdemarchena.es\/wp-content\/uploads\/2024\/03\/IMG-20240309-WA0015-1024x925.jpg 1024w, http:\/\/consejodehermandadesdemarchena.es\/wp-content\/uploads\/2024\/03\/IMG-20240309-WA0015-768x693.jpg 768w, http:\/\/consejodehermandadesdemarchena.es\/wp-content\/uploads\/2024\/03\/IMG-20240309-WA0015.jpg 1081w\" sizes=\"auto, (max-width: 300px) 100vw, 300px\" \/><\/p>\n<p>El pasado 9 de marzo, a una semana vista del Preg\u00f3n de la Semana Santa de Marchena, los miembros de la Junta Superior del Consejo General de Hermandades y Cofrad\u00edas de la Villa visitaron la casa del que va a ser Pregonero Oficial en el a\u00f1o 2024, D. Alfonso M\u00aa Rodr\u00edguez Sanz.<\/p>\n<p>En un \u00edntimo acto junto a su hijo y presentador, el Asesor Espiritual del Consejo Ilmo. D. Jos\u00e9 Tom\u00e1s Montes \u00c1lvarez, familia y amigos se ley\u00f3 el acta de la reuni\u00f3n de la Junta Superior donde se eligi\u00f3 como pregonero y se le hizo entrega del pergamino que acredita su nombramiento.<\/p>\n<p><img loading=\"lazy\" decoding=\"async\" class=\"alignnone size-medium wp-image-2691\" src=\"http:\/\/consejodehermandadesdemarchena.es\/wp-content\/uploads\/2024\/03\/IMG-20240309-WA0013-300x294.jpg\" alt=\"\" width=\"300\" height=\"294\" srcset=\"http:\/\/consejodehermandadesdemarchena.es\/wp-content\/uploads\/2024\/03\/IMG-20240309-WA0013-300x294.jpg 300w, http:\/\/consejodehermandadesdemarchena.es\/wp-content\/uploads\/2024\/03\/IMG-20240309-WA0013-1024x1005.jpg 1024w, http:\/\/consejodehermandadesdemarchena.es\/wp-content\/uploads\/2024\/03\/IMG-20240309-WA0013-768x754.jpg 768w, http:\/\/consejodehermandadesdemarchena.es\/wp-content\/uploads\/2024\/03\/IMG-20240309-WA0013.jpg 1169w\" sizes=\"auto, (max-width: 300px) 100vw, 300px\" \/><\/p>\n<p><img loading=\"lazy\" decoding=\"async\" class=\"alignnone size-medium wp-image-2689\" src=\"http:\/\/consejodehermandadesdemarchena.es\/wp-content\/uploads\/2024\/03\/IMG-20240309-WA0016-300x278.jpg\" alt=\"\" width=\"300\" height=\"278\" srcset=\"http:\/\/consejodehermandadesdemarchena.es\/wp-content\/uploads\/2024\/03\/IMG-20240309-WA0016-300x278.jpg 300w, http:\/\/consejodehermandadesdemarchena.es\/wp-content\/uploads\/2024\/03\/IMG-20240309-WA0016-768x713.jpg 768w, http:\/\/consejodehermandadesdemarchena.es\/wp-content\/uploads\/2024\/03\/IMG-20240309-WA0016.jpg 956w\" sizes=\"auto, (max-width: 300px) 100vw, 300px\" \/><\/p>\n","protected":false},"excerpt":{"rendered":"<p>El pasado 9 de marzo, a una semana vista del Preg\u00f3n de la Semana Santa de Marchena, los miembros de la Junta Superior del Consejo General de Hermandades y Cofrad\u00edas de la Villa visitaron la casa del que va a ser Pregonero Oficial en el a\u00f1o 2024, D. Alfonso M\u00aa Rodr\u00edguez Sanz. En un \u00edntimo [&hellip;]<\/p>\n","protected":false},"author":3,"featured_media":2690,"comment_status":"closed","ping_status":"closed","sticky":false,"template":"","format":"standard","meta":{"footnotes":""},"categories":[1],"tags":[],"class_list":["post-2685","post","type-post","status-publish","format-standard","has-post-thumbnail","hentry","category-actos_y_cultos_celebrados"],"_links":{"self":[{"href":"http:\/\/consejodehermandadesdemarchena.es\/index.php?rest_route=\/wp\/v2\/posts\/2685","targetHints":{"allow":["GET"]}}],"collection":[{"href":"http:\/\/consejodehermandadesdemarchena.es\/index.php?rest_route=\/wp\/v2\/posts"}],"about":[{"href":"http:\/\/consejodehermandadesdemarchena.es\/index.php?rest_route=\/wp\/v2\/types\/post"}],"author":[{"embeddable":true,"href":"http:\/\/consejodehermandadesdemarchena.es\/index.php?rest_route=\/wp\/v2\/users\/3"}],"replies":[{"embeddable":true,"href":"http:\/\/consejodehermandadesdemarchena.es\/index.php?rest_route=%2Fwp%2Fv2%2Fcomments&post=2685"}],"version-history":[{"count":4,"href":"http:\/\/consejodehermandadesdemarchena.es\/index.php?rest_route=\/wp\/v2\/posts\/2685\/revisions"}],"predecessor-version":[{"id":2693,"href":"http:\/\/consejodehermandadesdemarchena.es\/index.php?rest_route=\/wp\/v2\/posts\/2685\/revisions\/2693"}],"wp:featuredmedia":[{"embeddable":true,"href":"http:\/\/consejodehermandadesdemarchena.es\/index.php?rest_route=\/wp\/v2\/media\/2690"}],"wp:attachment":[{"href":"http:\/\/consejodehermandadesdemarchena.es\/index.php?rest_route=%2Fwp%2Fv2%2Fmedia&parent=2685"}],"wp:term":[{"taxonomy":"category","embeddable":true,"href":"http:\/\/consejodehermandadesdemarchena.es\/index.php?rest_route=%2Fwp%2Fv2%2Fcategories&post=2685"},{"taxonomy":"post_tag","embeddable":true,"href":"http:\/\/consejodehermandadesdemarchena.es\/index.php?rest_route=%2Fwp%2Fv2%2Ftags&post=2685"}],"curies":[{"name":"wp","href":"https:\/\/api.w.org\/{rel}","templated":true}]}}