{"id":3025,"date":"2026-09-03T08:17:39","date_gmt":"2026-09-03T06:17:39","guid":{"rendered":"https:\/\/consejodehermandadesdemarchena.es\/?p=3025"},"modified":"2026-09-03T08:17:39","modified_gmt":"2026-09-03T06:17:39","slug":"el-consejo-de-hermandades-agradece-la-solidaridad-del-pueblo-de-marchena-con-los-damnificados-por-los-terremotos-en-venezuela","status":"publish","type":"post","link":"https:\/\/consejodehermandadesdemarchena.es\/?p=3025","title":{"rendered":"El Consejo de Hermandades agradece la solidaridad del pueblo de Marchena con los damnificados por los terremotos en Venezuela"},"content":{"rendered":"<p class=\"isSelectedEnd\"><strong>El Consejo General de Hermandades y Cofrad\u00edas de la Villa de Marchena quiere expresar p\u00fablicamente su m\u00e1s sincero agradecimiento a todos los marcheneros que han colaborado con la campa\u00f1a solidaria puesta en marcha durante los pasados meses de julio y agosto en favor de los damnificados por los terremotos ocurridos en Venezuela.<\/strong><\/p>\n<p class=\"isSelectedEnd\">A trav\u00e9s de esta iniciativa, impulsada por el Consejo de Hermandades y coordinada por los Vocales de Caridad de las nueve Hermandades de Marchena, se habilitaron distintos canales para que los vecinos de nuestra localidad pudieran realizar sus donativos y contribuir a paliar, en la medida de lo posible, las necesidades de quienes se han visto afectados por esta tragedia.<\/p>\n<p class=\"isSelectedEnd\">El Consejo quiere agradecer especialmente <strong>la generosidad, sensibilidad y esp\u00edritu solidario demostrado una vez m\u00e1s por el pueblo de Marchena<\/strong>. Cada aportaci\u00f3n, independientemente de su cuant\u00eda, representa un gesto de fraternidad y de compromiso con quienes atraviesan momentos de especial dificultad.<\/p>\n<p class=\"isSelectedEnd\">La respuesta recibida pone de manifiesto que la solidaridad contin\u00faa siendo uno de los valores fundamentales que caracterizan a nuestra comunidad y que, cuando se trata de ayudar a quienes m\u00e1s lo necesitan, <strong>Marchena sabe estar a la altura<\/strong>.<\/p>\n<p class=\"isSelectedEnd\">Desde el Consejo General de Hermandades y Cofrad\u00edas queremos hacer extensivo este agradecimiento a todas las personas que han realizado sus donativos, as\u00ed como a los Diputados de Caridad y obras ben\u00e9fico-sociales de las Hermandades que han participado activamente en la organizaci\u00f3n y desarrollo de la campa\u00f1a.<\/p>\n<p class=\"isSelectedEnd\">Con esta iniciativa, nuestras Hermandades han querido poner nuevamente de manifiesto su compromiso con la acci\u00f3n caritativa y social, llevando m\u00e1s all\u00e1 de nuestras fronteras el mensaje de solidaridad y fraternidad que nace de nuestra fe.<\/p>\n<p>El <strong>total recaudado asciende a 3.600\u20ac<\/strong> (1.660\u20ac en huchas y 1.940\u20ac por transferencia) y se ha entregado \u00edntegramente a <strong>C\u00e1ritas de Sevilla<\/strong>, que dispone de los medios\u00a0 necesarios para que se entregue con total garant\u00edas a quienes m\u00e1s lo necesitan.<\/p>\n","protected":false},"excerpt":{"rendered":"<p>El Consejo General de Hermandades y Cofrad\u00edas de la Villa de Marchena quiere expresar p\u00fablicamente su m\u00e1s sincero agradecimiento a todos los marcheneros que han colaborado con la campa\u00f1a solidaria puesta en marcha durante los pasados meses de julio y agosto en favor de los damnificados por los terremotos ocurridos en Venezuela. A trav\u00e9s de [&hellip;]<\/p>\n","protected":false},"author":3,"featured_media":2222,"comment_status":"closed","ping_status":"closed","sticky":false,"template":"","format":"standard","meta":{"footnotes":""},"categories":[1],"tags":[],"class_list":["post-3025","post","type-post","status-publish","format-standard","has-post-thumbnail","hentry","category-actos_y_cultos_celebrados"],"_links":{"self":[{"href":"https:\/\/consejodehermandadesdemarchena.es\/index.php?rest_route=\/wp\/v2\/posts\/3025","targetHints":{"allow":["GET"]}}],"collection":[{"href":"https:\/\/consejodehermandadesdemarchena.es\/index.php?rest_route=\/wp\/v2\/posts"}],"about":[{"href":"https:\/\/consejodehermandadesdemarchena.es\/index.php?rest_route=\/wp\/v2\/types\/post"}],"author":[{"embeddable":true,"href":"https:\/\/consejodehermandadesdemarchena.es\/index.php?rest_route=\/wp\/v2\/users\/3"}],"replies":[{"embeddable":true,"href":"https:\/\/consejodehermandadesdemarchena.es\/index.php?rest_route=%2Fwp%2Fv2%2Fcomments&post=3025"}],"version-history":[{"count":4,"href":"https:\/\/consejodehermandadesdemarchena.es\/index.php?rest_route=\/wp\/v2\/posts\/3025\/revisions"}],"predecessor-version":[{"id":3029,"href":"https:\/\/consejodehermandadesdemarchena.es\/index.php?rest_route=\/wp\/v2\/posts\/3025\/revisions\/3029"}],"wp:featuredmedia":[{"embeddable":true,"href":"https:\/\/consejodehermandadesdemarchena.es\/index.php?rest_route=\/wp\/v2\/media\/2222"}],"wp:attachment":[{"href":"https:\/\/consejodehermandadesdemarchena.es\/index.php?rest_route=%2Fwp%2Fv2%2Fmedia&parent=3025"}],"wp:term":[{"taxonomy":"category","embeddable":true,"href":"https:\/\/consejodehermandadesdemarchena.es\/index.php?rest_route=%2Fwp%2Fv2%2Fcategories&post=3025"},{"taxonomy":"post_tag","embeddable":true,"href":"https:\/\/consejodehermandadesdemarchena.es\/index.php?rest_route=%2Fwp%2Fv2%2Ftags&post=3025"}],"curies":[{"name":"wp","href":"https:\/\/api.w.org\/{rel}","templated":true}]}}